{"id":19083,"date":"2026-09-02T15:05:23","date_gmt":"2026-09-02T13:05:23","guid":{"rendered":"https:\/\/euromoda-neuss.com\/les-matieres-phares-de-lautomne-ces-tissus-ont-desormais-leur-place-dans-toutes-les-gammes\/"},"modified":"2026-09-03T10:26:02","modified_gmt":"2026-09-03T08:26:02","slug":"les-matieres-phares-de-lautomne-ces-tissus-ont-desormais-leur-place-dans-toutes-les-gammes","status":"publish","type":"post","link":"https:\/\/euromoda-neuss.com\/fr\/les-matieres-phares-de-lautomne-ces-tissus-ont-desormais-leur-place-dans-toutes-les-gammes\/","title":{"rendered":"Les mati\u00e8res phares de l&#8217;automne : ces tissus ont d\u00e9sormais leur place dans toutes les gammes"},"content":{"rendered":"\t\t<div data-elementor-type=\"wp-post\" data-elementor-id=\"19083\" class=\"elementor elementor-19083 elementor-19060\" data-elementor-post-type=\"post\">\n\t\t\t\t<div class=\"elementor-element elementor-element-a52c25d e-flex e-con-boxed e-con e-parent\" data-id=\"a52c25d\" data-element_type=\"container\" data-e-type=\"container\">\n\t\t\t\t\t<div class=\"e-con-inner\">\n\t\t\t\t<div class=\"elementor-element elementor-element-74fc87d elementor-widget elementor-widget-text-editor\" data-id=\"74fc87d\" data-element_type=\"widget\" data-e-type=\"widget\" data-widget_type=\"text-editor.default\">\n\t\t\t\t\t\t\t\t\t<p>L\u2019automne n\u2019apporte pas seulement de nouvelles couleurs et de nouvelles silhouettes : il se caract\u00e9rise avant tout par des mati\u00e8res d\u2019exception. Celles-ci conf\u00e8rent du caract\u00e8re aux collections, offrent des sensations tactiles vari\u00e9es et rendent la mode captivante. Alors que les tissus l\u00e9gers dominent en \u00e9t\u00e9, c\u2019est d\u00e9sormais l\u2019heure des structures souples, des finitions haut de gamme et des textures douillettes. Ce sont pr\u00e9cis\u00e9ment ces mati\u00e8res qui font la diff\u00e9rence et qui marquent les looks de la nouvelle saison.<\/p><p>Il est donc int\u00e9ressant pour les commer\u00e7ants d\u2019examiner de pr\u00e8s les mati\u00e8res qui marqueront l\u2019automne 2026. En composant leur gamme de mani\u00e8re cibl\u00e9e et en misant sur les bonnes mati\u00e8res, ils cr\u00e9eront non seulement des pi\u00e8ces phares de la mode, mais offriront \u00e9galement \u00e0 leurs clients de multiples possibilit\u00e9s de combinaisons pour le quotidien.<\/p><h2>Le daim : une tendance \u00e9l\u00e9gante au charme r\u00e9tro<\/h2><p>Peu de mati\u00e8res connaissent actuellement un retour en force aussi marqu\u00e9 que le daim. Qu\u2019il s\u2019agisse d\u2019une veste, d\u2019un blazer, d\u2019une jupe, d\u2019un gilet ou d\u2019un sac, sa texture douce conf\u00e8re \u00e0 chaque tenue un cachet raffin\u00e9 et naturel. Les nuances chaudes telles que le cognac, le brun chocolat, le taupe ou le vert olive sont particuli\u00e8rement recherch\u00e9es ; elles se marient parfaitement avec le denim, la maille ou les tissus fluides.<\/p> <p>Les accessoires profitent \u00e9galement de cette tendance. Les sacs, ceintures ou chaussures \u00e0 l\u2019aspect daim compl\u00e8tent harmonieusement les looks d\u2019automne et apportent des touches raffin\u00e9es sans para\u00eetre envahissantes. Dans le secteur de la vente en gros de mode B2B notamment, on constate que ces mod\u00e8les trouvent rapidement leur place dans la gamme et peuvent \u00eatre combin\u00e9s de multiples fa\u00e7ons.<\/p><h2>Boucl\u00e9 \u2013 une texture pleine de style<\/h2><p>Le boucl\u00e9 reste un v\u00e9ritable incontournable cet automne. Sa surface caract\u00e9ristique, l\u00e9g\u00e8rement textur\u00e9e, allie \u00e9l\u00e9gance et confort. Les blazers, vestes courtes et gilets en boucl\u00e9, en particulier, offrent un look moderne \u00e0 la fois classique et tendance.<\/p> <p>Associ\u00e9s \u00e0 des basiques sobres, ils permettent de cr\u00e9er des tenues \u00e0 l\u2019allure haut de gamme tout en restant adapt\u00e9es au quotidien. C\u2019est pr\u00e9cis\u00e9ment cette polyvalence qui rend le boucl\u00e9 particuli\u00e8rement int\u00e9ressant pour le commerce de gros de v\u00eatements. Les clients recherchent des v\u00eatements faciles \u00e0 associer et qui apportent en m\u00eame temps une touche originale.<\/p><h2>Laine et tricots doux \u2013 d\u00e9sormais disponibles dans le commerce de gros de v\u00eatements<\/h2><p>Lorsque les temp\u00e9ratures baissent, la haute saison des tricots commence. Qu\u2019il s\u2019agisse d\u2019un pull fin, d\u2019un cardigan oversize ou d\u2019un col roul\u00e9 douillet, la laine et les tricots de grande qualit\u00e9 font partie des incontournables de toute collection d\u2019automne.<\/p> <p>Les couleurs naturelles telles que le cr\u00e8me, le beige, le sable, le gris ou le bordeaux sont particuli\u00e8rement appr\u00e9ci\u00e9es. Elles se combinent sans difficult\u00e9 et s\u2019adaptent \u00e0 presque tous les styles. En proposant en outre diff\u00e9rentes textures \u2013 du fin tricot c\u00f4tel\u00e9 aux mailles grossi\u00e8res \u2013, vous apportez de la vari\u00e9t\u00e9 \u00e0 votre gamme et s\u00e9duisez diff\u00e9rents publics cibles.<\/p><p>De nombreuses collections propos\u00e9es par les grossistes sp\u00e9cialis\u00e9s dans la mode italienne (qualit\u00e9 \u00ab Made in Italy \u00bb) s\u00e9duisent particuli\u00e8rement dans le domaine du tricot par leur toucher agr\u00e9able, leur finition haut de gamme et leurs designs intemporels. Cela en fait un choix attrayant pour les commer\u00e7ants qui souhaitent proposer \u00e0 leurs clients des pi\u00e8ces favorites destin\u00e9es \u00e0 durer.<\/p><h2>Le velours c\u00f4tel\u00e9 fait son grand retour avec \u00e9l\u00e9gance<\/h2><p>Le velours c\u00f4tel\u00e9 fait partie des mati\u00e8res qui \u00e9voquent imm\u00e9diatement l&#8217;automne. Longtemps consid\u00e9r\u00e9 comme un tissu plut\u00f4t classique, il se pr\u00e9sente aujourd&#8217;hui sous un jour moderne, l\u00e9ger et \u00e9tonnamment polyvalent. Les pantalons, blazers et chemises en velours c\u00f4tel\u00e9 fin sont particuli\u00e8rement tendance.<\/p><p>Des teintes chaudes telles que le rouille, le camel, le vert fonc\u00e9 ou le bordeaux soulignent le caract\u00e8re naturel de cette mati\u00e8re. Parall\u00e8lement, le velours c\u00f4tel\u00e9 se marie \u00e0 merveille avec le denim, la maille ou les tissus lisses, apportant ainsi plus de profondeur \u00e0 chaque tenue.<\/p><p>Pour les achats dans le secteur de la mode en gros, le velours c\u00f4tel\u00e9 pr\u00e9sente l\u2019avantage d\u2019\u00eatre \u00e0 la fois tendance et intemporel \u2013 une combinaison que de nombreux clients appr\u00e9cient.<\/p><h2>Le denim reste un incontournable<\/h2> <p>Pas d\u2019automne sans denim. En 2026 \u00e9galement, le jean fait partie des \u00e9l\u00e9ments incontournables de toute collection. Les d\u00e9lavages fonc\u00e9s, les coupes modernes telles que les jeans \u00e0 jambes larges ou \u00ab barrel \u00bb, ainsi que les vestes et chemises en jean, qui se pr\u00eatent parfaitement aux looks superpos\u00e9s, sont particuli\u00e8rement recherch\u00e9s.<\/p><p>Le grand avantage : le denim s\u2019harmonise avec pratiquement toutes les mati\u00e8res d\u2019automne. Un pull en maille prend imm\u00e9diatement un air d\u00e9contract\u00e9 avec un jean, le daim acquiert une touche moderne gr\u00e2ce au denim et le boucl\u00e9 semble moins formel lorsqu\u2019il est associ\u00e9 \u00e0 un jean. C\u2019est pr\u00e9cis\u00e9ment cette polyvalence qui fait du denim, depuis des ann\u00e9es, un \u00e9l\u00e9ment incontournable des gammes \u00e0 succ\u00e8s.<\/p><h2>Combiner intelligemment les mati\u00e8res<\/h2> <p>Les looks d\u2019automne les plus captivants sont rarement compos\u00e9s d\u2019une seule mati\u00e8re. Le r\u00e9sultat est bien plus int\u00e9ressant lorsque diff\u00e9rentes textures sont associ\u00e9es. Un blazer en boucl\u00e9 port\u00e9 sur un jean, un pull en maille douce associ\u00e9 \u00e0 un pantalon en velours c\u00f4tel\u00e9 ou un sac en daim venant compl\u00e9ter une tenue sobre montrent \u00e0 quel point il est facile de cr\u00e9er des looks modernes.<\/p><p>C\u2019est pourquoi il est particuli\u00e8rement int\u00e9ressant pour les commer\u00e7ants de concevoir les collections non pas comme des pi\u00e8ces individuelles, mais comme des id\u00e9es de tenues compl\u00e8tes. Cela facilite non seulement la pr\u00e9sentation en magasin, mais g\u00e9n\u00e8re \u00e9galement des impulsions de vente suppl\u00e9mentaires gr\u00e2ce \u00e0 des combinaisons harmonieuses de v\u00eatements, de chaussures et d\u2019accessoires.<\/p> <p>Chez EUROMODA, les acheteurs trouveront un large choix d\u2019articles en stock, parfaitement adapt\u00e9s \u00e0 la saison automnale. De nombreuses collections s\u00e9duisent par une mode italienne haut de gamme, des mod\u00e8les \u00ab Made in Italy \u00bb tri\u00e9s sur le volet et des styles disponibles imm\u00e9diatement, que l\u2019on peut emporter sans d\u00e9lai.<\/p><p>En effet, c\u2019est justement en automne que les tendances \u00e9voluent souvent plus rapidement que pr\u00e9vu. Ceux qui ach\u00e8tent avec souplesse et misent sur des articles disponibles peuvent r\u00e9pondre rapidement aux souhaits de leurs clients et actualiser en permanence leur gamme.<\/p><p>Qu\u2019il s\u2019agisse de daim, de boucl\u00e9, de laine, de velours c\u00f4tel\u00e9 ou de denim, ces mati\u00e8res marquent l\u2019automne 2026 et constituent la base id\u00e9ale pour des collections modernes. Elles se combinent de multiples fa\u00e7ons, s\u2019adaptent \u00e0 diff\u00e9rents styles et offrent pr\u00e9cis\u00e9ment ce m\u00e9lange de confort, de qualit\u00e9 et de sens de la tendance que les clients recherchent cette saison. Pour le commerce de gros de la mode, ils repr\u00e9sentent donc bien plus qu\u2019une simple tendance : ils constituent la base d\u2019une saison d\u2019automne couronn\u00e9e de succ\u00e8s.<\/p>\t\t\t\t\t\t\t\t<\/div>\n\t\t\t\t<div class=\"elementor-element elementor-element-532cf51 elementor-widget elementor-widget-image\" data-id=\"532cf51\" data-element_type=\"widget\" data-e-type=\"widget\" data-widget_type=\"image.default\">\n\t\t\t\t\t\t\t\t\t\t\t\t\t\t\t<img fetchpriority=\"high\" decoding=\"async\" width=\"800\" height=\"1200\" src=\"https:\/\/euromoda-neuss.com\/wp-content\/uploads\/2026\/09\/1.jpg\" class=\"attachment-full size-full wp-image-19094\" alt=\"Gro\u00dfhandel Kleidung\" srcset=\"https:\/\/euromoda-neuss.com\/wp-content\/uploads\/2026\/09\/1.jpg 800w, https:\/\/euromoda-neuss.com\/wp-content\/uploads\/2026\/09\/1-200x300.jpg 200w, https:\/\/euromoda-neuss.com\/wp-content\/uploads\/2026\/09\/1-683x1024.jpg 683w, https:\/\/euromoda-neuss.com\/wp-content\/uploads\/2026\/09\/1-768x1152.jpg 768w\" sizes=\"(max-width: 800px) 100vw, 800px\" title=\"Gro\u00dfhandel Kleidung\">\t\t\t\t\t\t\t\t\t\t\t\t\t\t\t<\/div>\n\t\t\t\t<div class=\"elementor-element elementor-element-b1a58fd elementor-widget elementor-widget-image\" data-id=\"b1a58fd\" data-element_type=\"widget\" data-e-type=\"widget\" data-widget_type=\"image.default\">\n\t\t\t\t\t\t\t\t\t\t\t\t\t\t\t<img decoding=\"async\" width=\"800\" height=\"1080\" src=\"https:\/\/euromoda-neuss.com\/wp-content\/uploads\/2026\/09\/2.jpg\" class=\"attachment-full size-full wp-image-19090\" alt=\"Gro\u00dfhandel Kleidung\" srcset=\"https:\/\/euromoda-neuss.com\/wp-content\/uploads\/2026\/09\/2.jpg 800w, https:\/\/euromoda-neuss.com\/wp-content\/uploads\/2026\/09\/2-222x300.jpg 222w, https:\/\/euromoda-neuss.com\/wp-content\/uploads\/2026\/09\/2-759x1024.jpg 759w, https:\/\/euromoda-neuss.com\/wp-content\/uploads\/2026\/09\/2-768x1037.jpg 768w\" sizes=\"(max-width: 800px) 100vw, 800px\" title=\"Gro\u00dfhandel Kleidung\">\t\t\t\t\t\t\t\t\t\t\t\t\t\t\t<\/div>\n\t\t\t\t<div class=\"elementor-element elementor-element-56761ed elementor-widget elementor-widget-text-editor\" data-id=\"56761ed\" data-element_type=\"widget\" data-e-type=\"widget\" data-widget_type=\"text-editor.default\">\n\t\t\t\t\t\t\t\t\t<p><strong>Remarque<\/strong>: les images d&#8217;ambiance utilis\u00e9es dans cet article ont \u00e9t\u00e9 cr\u00e9\u00e9es \u00e0 l&#8217;aide de l&#8217;intelligence artificielle et servent uniquement \u00e0 illustrer visuellement le contenu.<\/p>\t\t\t\t\t\t\t\t<\/div>\n\t\t\t\t\t<\/div>\n\t\t\t\t<\/div>\n\t\t\t\t<\/div>\n\t\t","protected":false},"excerpt":{"rendered":"<p>L&#8217;automne n&#8217;apporte pas seulement de nouvelles couleurs et de nouvelles silhouettes : il se caract\u00e9rise avant tout par des mati\u00e8res exceptionnelles. Celles-ci conf\u00e8rent du caract\u00e8re aux collections, offrent des textures vari\u00e9es et rendent la mode passionnante.<\/p>\n","protected":false},"author":2,"featured_media":19064,"comment_status":"closed","ping_status":"closed","sticky":false,"template":"","format":"standard","meta":{"_acf_changed":false,"_mo_disable_npp":"","inline_featured_image":false,"footnotes":""},"categories":[30],"tags":[],"class_list":["post-19083","post","type-post","status-publish","format-standard","has-post-thumbnail","hentry","category-presse-fr"],"acf":[],"_links":{"self":[{"href":"https:\/\/euromoda-neuss.com\/fr\/wp-json\/wp\/v2\/posts\/19083","targetHints":{"allow":["GET"]}}],"collection":[{"href":"https:\/\/euromoda-neuss.com\/fr\/wp-json\/wp\/v2\/posts"}],"about":[{"href":"https:\/\/euromoda-neuss.com\/fr\/wp-json\/wp\/v2\/types\/post"}],"author":[{"embeddable":true,"href":"https:\/\/euromoda-neuss.com\/fr\/wp-json\/wp\/v2\/users\/2"}],"replies":[{"embeddable":true,"href":"https:\/\/euromoda-neuss.com\/fr\/wp-json\/wp\/v2\/comments?post=19083"}],"version-history":[{"count":3,"href":"https:\/\/euromoda-neuss.com\/fr\/wp-json\/wp\/v2\/posts\/19083\/revisions"}],"predecessor-version":[{"id":19109,"href":"https:\/\/euromoda-neuss.com\/fr\/wp-json\/wp\/v2\/posts\/19083\/revisions\/19109"}],"wp:featuredmedia":[{"embeddable":true,"href":"https:\/\/euromoda-neuss.com\/fr\/wp-json\/wp\/v2\/media\/19064"}],"wp:attachment":[{"href":"https:\/\/euromoda-neuss.com\/fr\/wp-json\/wp\/v2\/media?parent=19083"}],"wp:term":[{"taxonomy":"category","embeddable":true,"href":"https:\/\/euromoda-neuss.com\/fr\/wp-json\/wp\/v2\/categories?post=19083"},{"taxonomy":"post_tag","embeddable":true,"href":"https:\/\/euromoda-neuss.com\/fr\/wp-json\/wp\/v2\/tags?post=19083"}],"curies":[{"name":"wp","href":"https:\/\/api.w.org\/{rel}","templated":true}]}}